{"id":331,"date":"2017-08-31T17:24:38","date_gmt":"2017-08-31T15:24:38","guid":{"rendered":"http:\/\/bunt-statt-braun-wmk.org\/?p=331"},"modified":"2017-09-20T18:00:26","modified_gmt":"2017-09-20T16:00:26","slug":"gemeinsam-mit-bunt-statt-braun-bad-hersfeld-am-7-8-2017-in-rotenburg-gegen-die-afd","status":"publish","type":"post","link":"https:\/\/bunt-statt-braun-wmk.de\/?p=331","title":{"rendered":"Gemeinsam mit Bunt statt braun Bad Hersfeld am 7.8.2017 in Rotenburg gegen die AfD"},"content":{"rendered":"<p><span style=\"color: #ff0000;\"><strong>Rede von Andreas Heine am 7.8. in Rotenburg<\/strong><\/span><\/p>\n<p><span style=\"font-family: Arial,serif;\">Manche werden uns fragen: \u201eHabt Ihr bei dem sch\u00f6nen Wetter nichts besseres zu tun, als hier gegen die AFD zu protestieren?\u201c<\/span><\/p>\n<p><span style=\"font-family: Arial,serif;\">Klar, h\u00e4tten wir sicher alle was Besseres zu tun.<\/span><\/p>\n<p><span style=\"font-family: Arial,serif;\">Aber wir sehen auch eine Verantwortung darin, denen entgegenzutreten, die unser Land noch weiter ver\u00e4ndern wollen. Ver\u00e4ndern in eine Richtung, die wir nicht akzeptieren k\u00f6nnen und der wir uns mit aller Macht entgegenstellen.<\/span><\/p>\n<p>\u201e<span style=\"font-family: Arial,serif;\">Ja aber Meuthen und Wild sind doch nicht wie H\u00f6cke\u201c, werden vielleicht mache sagen. \u201eEr (Meuthen) hat sich in der AfD um Ausgleich und Geschlossenheit der Partei verdient gemacht und beweist in Auftreten und Positionen jederzeit pers\u00f6nliche Integrit\u00e4t und politische Seriosit\u00e4t.\u201c Hei\u00dft es auf der Homepage der AfD-Hessen. <\/span><\/p>\n<p><span style=\"font-family: Arial,serif;\">Ich denke, hier geht\u2019s um <\/span><span style=\"font-family: Arial,serif;\"><b>Arbeitsteilung<\/b><\/span><span style=\"font-family: Arial,serif;\">: Mit Meuthen, H\u00f6cke und Petry lassen sich unterschiedliche Bereiche der Gesellschaft auf spezifische Weise ansprechen: die eher b\u00fcrgerlichen, die offen Rechtsradikalen, die fundamentalistisch klerikalen, die Stammtisch-Rassisten, usw.. Die AfD wird damit einerseits zum Sammelbecken verschiedener rechter und rassistischer Str\u00f6mungen. Andererseits ist sie in der Lage mit ihrem Auftreten, mit ihren Forderungen und mit ihren Wahlerfolgen die herrschende Politik vor sich herzutreiben. <\/span><\/p>\n<p><span style=\"font-family: Arial,serif;\">AfD-Forderungen von vor 2 Jahren finden sich heute in den Programmen und Wahlkampfreden von CDU-CSU, SPD und anderen wieder. Teilweise wurden ihre Forderungen auch schon durch die gro\u00dfe Koalition umgesetzt: Bei der Fl\u00fcchtlingsabwehr und \u2013Bek\u00e4mpfung, bei der Einschr\u00e4nkung demokratischer Rechte, bei der Ausweitung polizeistaatlicher Ma\u00dfnahmen.<\/span><\/p>\n<p><span style=\"font-family: Arial,serif;\">De Maiziere, Seehofer und andere sind offenbar gern bereit, AfD-Positionen bereits heute umzusetzen um in populistischer Manier bestimmte Stimmungen in Teilen der Bev\u00f6lkerung und in ihren Parteien zu bedienen.<\/span><\/p>\n<p><span style=\"font-family: Arial,serif;\">Auch wenn die b\u00fcrgerlichen Parteien zur Zeit (noch) Koalitionen mit der AfD ausschlie\u00dfen, ist die AfD doch mit vielem was sie fordert und gefordert hat h\u00f6chst erfolgreich, weil sich die herrschende Politik in Berlin nicht konsequent dagegenstellt.<\/span><\/p>\n<p><span style=\"font-family: Arial,serif;\">Deshalb stehen wir heute hier: Wir sind diejenigen, die f\u00fcr eine offene und solidarische Gesellschaft und damit f\u00fcr eine zukunftsf\u00e4hige Gesellschaft eintreten. Wir verteidigen das Grundgesetz und die allgemeinen Menschenrechte, wie sie in der UNO-Charta festgeschrieben sind. Wir verteidigen das, was sich an Willkommenskultur und Solidarit\u00e4t in den letzten Jahren in unserem Land entwickelt hat. Wir stehen auf der Seite von Hunderttausenden B\u00fcrgern in unserem Land, die die so genannte Fl\u00fcchtlingskrise wirklich bew\u00e4ltigt haben \u2013 oftmals ohne oder gar gegen Beh\u00f6rden und B\u00fcrokraten, oftmals gegen die Stammtischp\u00f6bler und immer gegen rechtspopulistische und faschistische geistige und handgreifliche Brandstifter. <\/span><\/p>\n<p><span style=\"font-family: Arial,serif;\">Wir fordern die Berliner Politik auf, sich auf unsere Seite zu stellen: Verteidigung von Demokratie, Sozialstaat und Menschenrechten in unserem Land. Beseitigung der Fluchtursachen durch Stopp von Waffenexporten und Beendigung von Kriegseins\u00e4tzen, durch ein Ende der Kumpanei mit Despoten, Warlords und Unterdr\u00fcckerregimes, durch den Aufbau gerechter Handelsbeziehungen, durch den Stopp von Landgrabbing, Naturzerst\u00f6rung und hemmungsloser Ausbeutung von Natur und Arbeitskr\u00e4ften.<\/span><\/p>\n<p><span style=\"font-family: Arial,serif; color: #ff0000;\">Wenn wir unser Land und die Welt nicht \u00e4ndern, werden wir sie bald nicht wiedererkennen!<br \/>\n<span style=\"color: #000000;\"><br \/>\n<a href=\"http:\/\/bunt-statt-braun-wmk.org\/wp-content\/uploads\/2017\/08\/2017-08-07-17.19.46.jpg\"><img loading=\"lazy\" decoding=\"async\" class=\"alignnone size-large wp-image-324\" src=\"http:\/\/bunt-statt-braun-wmk.org\/wp-content\/uploads\/2017\/08\/2017-08-07-17.19.46-1024x768.jpg\" alt=\"2017-08-07 17.19.46\" width=\"584\" height=\"438\" srcset=\"https:\/\/bunt-statt-braun-wmk.de\/wp-content\/uploads\/2017\/08\/2017-08-07-17.19.46-1024x768.jpg 1024w, https:\/\/bunt-statt-braun-wmk.de\/wp-content\/uploads\/2017\/08\/2017-08-07-17.19.46-300x225.jpg 300w, https:\/\/bunt-statt-braun-wmk.de\/wp-content\/uploads\/2017\/08\/2017-08-07-17.19.46-768x576.jpg 768w, https:\/\/bunt-statt-braun-wmk.de\/wp-content\/uploads\/2017\/08\/2017-08-07-17.19.46-400x300.jpg 400w\" sizes=\"auto, (max-width: 584px) 100vw, 584px\" \/><\/a><\/span><\/span><\/p>\n<p><a href=\"http:\/\/bunt-statt-braun-wmk.org\/wp-content\/uploads\/2017\/08\/2017-08-07-18.08.13-e1504192348765.jpg\"><img loading=\"lazy\" decoding=\"async\" class=\"alignnone size-large wp-image-328\" src=\"http:\/\/bunt-statt-braun-wmk.org\/wp-content\/uploads\/2017\/08\/2017-08-07-18.08.13-e1504192348765-768x1024.jpg\" alt=\"2017-08-07 18.08.13\" width=\"584\" height=\"779\" srcset=\"https:\/\/bunt-statt-braun-wmk.de\/wp-content\/uploads\/2017\/08\/2017-08-07-18.08.13-e1504192348765-768x1024.jpg 768w, https:\/\/bunt-statt-braun-wmk.de\/wp-content\/uploads\/2017\/08\/2017-08-07-18.08.13-e1504192348765-225x300.jpg 225w\" sizes=\"auto, (max-width: 584px) 100vw, 584px\" \/><\/a> <a href=\"http:\/\/bunt-statt-braun-wmk.org\/wp-content\/uploads\/2017\/08\/2017-08-07-17.20.02.jpg\"><img loading=\"lazy\" decoding=\"async\" class=\"alignnone size-large wp-image-325\" src=\"http:\/\/bunt-statt-braun-wmk.org\/wp-content\/uploads\/2017\/08\/2017-08-07-17.20.02-1024x768.jpg\" alt=\"2017-08-07 17.20.02\" width=\"584\" height=\"438\" srcset=\"https:\/\/bunt-statt-braun-wmk.de\/wp-content\/uploads\/2017\/08\/2017-08-07-17.20.02-1024x768.jpg 1024w, https:\/\/bunt-statt-braun-wmk.de\/wp-content\/uploads\/2017\/08\/2017-08-07-17.20.02-300x225.jpg 300w, https:\/\/bunt-statt-braun-wmk.de\/wp-content\/uploads\/2017\/08\/2017-08-07-17.20.02-768x576.jpg 768w, https:\/\/bunt-statt-braun-wmk.de\/wp-content\/uploads\/2017\/08\/2017-08-07-17.20.02-400x300.jpg 400w\" sizes=\"auto, (max-width: 584px) 100vw, 584px\" \/><\/a><\/p>\n","protected":false},"excerpt":{"rendered":"<p>Rede von Andreas Heine am 7.8. in Rotenburg Manche werden uns fragen: \u201eHabt Ihr bei dem sch\u00f6nen Wetter nichts besseres zu tun, als hier gegen die AFD zu protestieren?\u201c Klar, h\u00e4tten wir sicher alle was Besseres zu tun. Aber wir &hellip; <a href=\"https:\/\/bunt-statt-braun-wmk.de\/?p=331\">Weiterlesen <span class=\"meta-nav\">&rarr;<\/span><\/a><\/p>\n","protected":false},"author":2,"featured_media":0,"comment_status":"open","ping_status":"open","sticky":false,"template":"","format":"standard","meta":{"footnotes":""},"categories":[1],"tags":[],"class_list":["post-331","post","type-post","status-publish","format-standard","hentry","category-uncategorized"],"_links":{"self":[{"href":"https:\/\/bunt-statt-braun-wmk.de\/index.php?rest_route=\/wp\/v2\/posts\/331","targetHints":{"allow":["GET"]}}],"collection":[{"href":"https:\/\/bunt-statt-braun-wmk.de\/index.php?rest_route=\/wp\/v2\/posts"}],"about":[{"href":"https:\/\/bunt-statt-braun-wmk.de\/index.php?rest_route=\/wp\/v2\/types\/post"}],"author":[{"embeddable":true,"href":"https:\/\/bunt-statt-braun-wmk.de\/index.php?rest_route=\/wp\/v2\/users\/2"}],"replies":[{"embeddable":true,"href":"https:\/\/bunt-statt-braun-wmk.de\/index.php?rest_route=%2Fwp%2Fv2%2Fcomments&post=331"}],"version-history":[{"count":7,"href":"https:\/\/bunt-statt-braun-wmk.de\/index.php?rest_route=\/wp\/v2\/posts\/331\/revisions"}],"predecessor-version":[{"id":346,"href":"https:\/\/bunt-statt-braun-wmk.de\/index.php?rest_route=\/wp\/v2\/posts\/331\/revisions\/346"}],"wp:attachment":[{"href":"https:\/\/bunt-statt-braun-wmk.de\/index.php?rest_route=%2Fwp%2Fv2%2Fmedia&parent=331"}],"wp:term":[{"taxonomy":"category","embeddable":true,"href":"https:\/\/bunt-statt-braun-wmk.de\/index.php?rest_route=%2Fwp%2Fv2%2Fcategories&post=331"},{"taxonomy":"post_tag","embeddable":true,"href":"https:\/\/bunt-statt-braun-wmk.de\/index.php?rest_route=%2Fwp%2Fv2%2Ftags&post=331"}],"curies":[{"name":"wp","href":"https:\/\/api.w.org\/{rel}","templated":true}]}}