{"id":482,"date":"2020-02-13T16:20:32","date_gmt":"2020-02-13T14:20:32","guid":{"rendered":"http:\/\/bunt-statt-braun-wmk.org\/?p=482"},"modified":"2020-12-13T14:35:20","modified_gmt":"2020-12-13T12:35:20","slug":"fuer-die-staerkung-der-hessischen-auslaenderbeiraete","status":"publish","type":"post","link":"https:\/\/bunt-statt-braun-wmk.de\/?p=482","title":{"rendered":"F\u00fcr die St\u00e4rkung der hessischen Ausl\u00e4nderbeir\u00e4te!"},"content":{"rendered":"<p>Das Aktionsb\u00fcndnis gegen Rechtsextremismus im Werra-Mei\u00dfner-Kreis &#8211; &#8222;BUNT statt braun&#8220; betrachtet die hessischen Ausl\u00e4nderbeir\u00e4te als wichtige und wirksame Interessenvertretung ausl\u00e4ndischer Mitb\u00fcrgerInnen in Hessen. Der Eschweger Ausl\u00e4nderbeirat spielt hierbei eine bedeutende Rolle, auch \u00fcber Eschwege hinaus im Werra-Mei\u00dfner-Kreis.<\/p>\n<p>Die Arbeit der Ausl\u00e4nderbeir\u00e4te sollte in vielf\u00e4ltiger Weise st\u00e4rker unterst\u00fctzt und gef\u00f6rdert werden &#8211; durch umfassendere Mitwirkungsrechte, durch bessere Unterst\u00fctzung im Wahlverfahren, durch angemessene finanzielle Ausstattung.<\/p>\n<p>Der Gesetzentwurf &#8222;Verbesserung der politischen Teilhabe von ausl\u00e4ndischen EinwohnerInnen an der Kommunalpolitik..&#8220; (Drucksache 20\/1644) geht aus unserer Sicht in die falsche Richtung. Die Interessenvertretung ausl\u00e4ndischer Mitb\u00fcrgerInnen wird hierdurch nicht gest\u00e4rkt, sondern letztendlich geschw\u00e4cht. In Abh\u00e4ngigkeit der Magistrate gebildete Kommissionen k\u00f6nnen frei gew\u00e4hlte Interessenvertretungen in keiner Weise ersetzen.<\/p>\n<p>Wir fordern die Landtagsabgeordneten aus unserem Kreis dazu auf, den Gesetzentwurf in der vorliegenden Form abzulehnen und in ihren Fraktionen daf\u00fcr einzutreten, dass in Kooperation und Abstimmung mit dem Hessischen Ausl\u00e4nderbeirat Regelungen gefunden werden, die die Beteiligung ausl\u00e4ndischer Mitb\u00fcrgerInnen tats\u00e4chlich sicherstellt und ausweitet.<\/p>\n<p>Direkt gew\u00e4hlte und starke Ausl\u00e4nderbeir\u00e4te sind ein wirkungsvolles Mittel gegen Rechtsextremismus, -populismus und Rassismus und f\u00fcr ein gemeinsames Miteinander!<\/p>\n","protected":false},"excerpt":{"rendered":"<p>Das Aktionsb\u00fcndnis gegen Rechtsextremismus im Werra-Mei\u00dfner-Kreis &#8211; &#8222;BUNT statt braun&#8220; betrachtet die hessischen Ausl\u00e4nderbeir\u00e4te als wichtige und wirksame Interessenvertretung ausl\u00e4ndischer Mitb\u00fcrgerInnen in Hessen. Der Eschweger Ausl\u00e4nderbeirat spielt hierbei eine bedeutende Rolle, auch \u00fcber Eschwege hinaus im Werra-Mei\u00dfner-Kreis. Die Arbeit der &hellip; <a href=\"https:\/\/bunt-statt-braun-wmk.de\/?p=482\">Weiterlesen <span class=\"meta-nav\">&rarr;<\/span><\/a><\/p>\n","protected":false},"author":2,"featured_media":0,"comment_status":"open","ping_status":"open","sticky":false,"template":"","format":"standard","meta":{"footnotes":""},"categories":[10],"tags":[],"class_list":["post-482","post","type-post","status-publish","format-standard","hentry","category-presser"],"_links":{"self":[{"href":"https:\/\/bunt-statt-braun-wmk.de\/index.php?rest_route=\/wp\/v2\/posts\/482","targetHints":{"allow":["GET"]}}],"collection":[{"href":"https:\/\/bunt-statt-braun-wmk.de\/index.php?rest_route=\/wp\/v2\/posts"}],"about":[{"href":"https:\/\/bunt-statt-braun-wmk.de\/index.php?rest_route=\/wp\/v2\/types\/post"}],"author":[{"embeddable":true,"href":"https:\/\/bunt-statt-braun-wmk.de\/index.php?rest_route=\/wp\/v2\/users\/2"}],"replies":[{"embeddable":true,"href":"https:\/\/bunt-statt-braun-wmk.de\/index.php?rest_route=%2Fwp%2Fv2%2Fcomments&post=482"}],"version-history":[{"count":1,"href":"https:\/\/bunt-statt-braun-wmk.de\/index.php?rest_route=\/wp\/v2\/posts\/482\/revisions"}],"predecessor-version":[{"id":483,"href":"https:\/\/bunt-statt-braun-wmk.de\/index.php?rest_route=\/wp\/v2\/posts\/482\/revisions\/483"}],"wp:attachment":[{"href":"https:\/\/bunt-statt-braun-wmk.de\/index.php?rest_route=%2Fwp%2Fv2%2Fmedia&parent=482"}],"wp:term":[{"taxonomy":"category","embeddable":true,"href":"https:\/\/bunt-statt-braun-wmk.de\/index.php?rest_route=%2Fwp%2Fv2%2Fcategories&post=482"},{"taxonomy":"post_tag","embeddable":true,"href":"https:\/\/bunt-statt-braun-wmk.de\/index.php?rest_route=%2Fwp%2Fv2%2Ftags&post=482"}],"curies":[{"name":"wp","href":"https:\/\/api.w.org\/{rel}","templated":true}]}}