{"id":485,"date":"2020-03-11T17:35:23","date_gmt":"2020-03-11T15:35:23","guid":{"rendered":"http:\/\/bunt-statt-braun-wmk.org\/?p=485"},"modified":"2020-12-13T14:59:29","modified_gmt":"2020-12-13T12:59:29","slug":"schulen-gegen-rassismussternwanderung-und-kundgebung-am-06-03-2020-in-eschwege","status":"publish","type":"post","link":"https:\/\/bunt-statt-braun-wmk.de\/?p=485","title":{"rendered":"Schulen gegen Rassismus: Sternwanderung und Kundgebung am 06.03.2020 in Eschwege"},"content":{"rendered":"<style>#jtg-572 .modula-item .jtg-social a, .lightbox-socials.jtg-social a{ fill: #ffffff; color: #ffffff }#jtg-572 .modula-item .jtg-social-expandable a, #jtg-572 .modula-item .jtg-social-expandable-icons a{ fill: #ffffff; color: #ffffff }#jtg-572 .modula-item .jtg-social svg, .lightbox-socials.jtg-social svg { height: 16px; width: 16px }#jtg-572 .modula-item .jtg-social-expandable svg { height: 16px; width: 16px }#jtg-572 .modula-item .jtg-social-expandable-icons svg { height: 16px; width: 16px }#jtg-572 .modula-item .jtg-social a:not(:last-child), .lightbox-socials.jtg-social a:not(:last-child) { margin-right: 10px }#jtg-572 .modula-item .jtg-social-expandable-icons { gap: 10px }#jtg-572 .modula-item .figc {color:#ffffff;}#jtg-572 .modula-item .modula-item-content { transform: scale(1); }#jtg-572 { width:100%;}#jtg-572 .modula-items{height:800px;}@media screen and (max-width: 992px) {#jtg-572 .modula-items{height:800px;}}@media screen and (max-width: 768px) {#jtg-572 .modula-items{height:800px;}}#jtg-572 .modula-items .figc p.description { font-size:14px; }#jtg-572 .modula-items .figc p.description { color:#ffffff;}#jtg-572.modula-gallery .modula-item > a, #jtg-572.modula-gallery .modula-item, #jtg-572.modula-gallery .modula-item-content > a:not(.modula-no-follow) { cursor:zoom-in; } #jtg-572.modula-gallery .modula-item-content .modula-no-follow { cursor: default; } @media screen and (max-width:480px){#jtg-572 .modula-item .figc .jtg-title {  font-size: 12px; }#jtg-572 .modula-items .figc p.description { color:#ffffff;font-size:10px; }}<\/style>\n<div  id=\"jtg-572\" class=\"modula modula-gallery modula-creative-gallery\" data-config=\"{&quot;height&quot;:800,&quot;tabletHeight&quot;:800,&quot;mobileHeight&quot;:800,&quot;desktopHeight&quot;:800,&quot;enableTwitter&quot;:false,&quot;enableWhatsapp&quot;:false,&quot;enableFacebook&quot;:false,&quot;enablePinterest&quot;:false,&quot;enableLinkedin&quot;:false,&quot;enableEmail&quot;:false,&quot;randomFactor&quot;:0.5,&quot;type&quot;:&quot;creative-gallery&quot;,&quot;columns&quot;:12,&quot;gutter&quot;:10,&quot;mobileGutter&quot;:10,&quot;tabletGutter&quot;:10,&quot;desktopGutter&quot;:10,&quot;enableResponsive&quot;:&quot;0&quot;,&quot;tabletColumns&quot;:&quot;2&quot;,&quot;mobileColumns&quot;:&quot;1&quot;,&quot;lazyLoad&quot;:0,&quot;lightboxOpts&quot;:{&quot;animated&quot;:true,&quot;Thumbs&quot;:{&quot;type&quot;:&quot;modern&quot;,&quot;showOnStart&quot;:false},&quot;Toolbar&quot;:{&quot;display&quot;:{&quot;right&quot;:[&quot;close&quot;]},&quot;enabled&quot;:true},&quot;Carousel&quot;:{&quot;Panzoom&quot;:{&quot;touch&quot;:false},&quot;infinite&quot;:false},&quot;keyboard&quot;:{&quot;Escape&quot;:&quot;close&quot;,&quot;Delete&quot;:&quot;close&quot;,&quot;Backspace&quot;:&quot;close&quot;,&quot;PageUp&quot;:false,&quot;PageDown&quot;:false,&quot;ArrowUp&quot;:false,&quot;ArrowDown&quot;:false,&quot;ArrowRight&quot;:false,&quot;ArrowLeft&quot;:false},&quot;touch&quot;:false,&quot;backdropClick&quot;:false,&quot;l10n&quot;:{&quot;CLOSE&quot;:&quot;Close&quot;,&quot;NEXT&quot;:&quot;Next&quot;,&quot;PREV&quot;:&quot;Previous&quot;,&quot;Error&quot;:&quot;The requested content cannot be loaded. Please try again later.&quot;,&quot;PLAY_START&quot;:&quot;Start slideshow&quot;,&quot;PLAY_STOP&quot;:&quot;Pause slideshow&quot;,&quot;FULL_SCREEN&quot;:&quot;Full screen&quot;,&quot;THUMBS&quot;:&quot;Thumbnails&quot;,&quot;DOWNLOAD&quot;:&quot;Download&quot;,&quot;SHARE&quot;:&quot;Share&quot;,&quot;ZOOM&quot;:&quot;Zoom&quot;,&quot;EMAIL&quot;:&quot;Here is the link to the image : %%image_link%% and this is the link to the gallery : %%gallery_link%%&quot;,&quot;MODAL&quot;:&quot;You can close this modal content with the ESC key&quot;,&quot;ERROR&quot;:&quot;Something Went Wrong, Please Try Again Later&quot;,&quot;IMAGE_ERROR&quot;:&quot;Image Not Found&quot;,&quot;ELEMENT_NOT_FOUND&quot;:&quot;HTML Element Not Found&quot;,&quot;AJAX_NOT_FOUND&quot;:&quot;Error Loading AJAX : Not Found&quot;,&quot;AJAX_FORBIDDEN&quot;:&quot;Error Loading AJAX : Forbidden&quot;,&quot;IFRAME_ERROR&quot;:&quot;Error Loading Page&quot;,&quot;TOGGLE_ZOOM&quot;:&quot;Toggle zoom level&quot;,&quot;TOGGLE_THUMBS&quot;:&quot;Toggle thumbnails&quot;,&quot;TOGGLE_SLIDESHOW&quot;:&quot;Toggle slideshow&quot;,&quot;TOGGLE_FULLSCREEN&quot;:&quot;Toggle full-screen mode&quot;},&quot;Images&quot;:{&quot;Panzoom&quot;:{&quot;maxScale&quot;:2}},&quot;mainClass&quot;:&quot;modula-fancybox-container modula-lightbox-jtg-572&quot;,&quot;Html&quot;:{&quot;videoAutoplay&quot;:0,&quot;videoTpl&quot;:&quot;&lt;video class=\\&quot;fancybox__html5video\\&quot; controls muted playsinline controlsList controlsList=\\&quot;nodownload\\&quot; poster=\\&quot;{{poster}}\\&quot; src=\\&quot;{{src}}\\&quot; type=\\&quot;{{format}}\\&quot; &gt;  Sorry, your browser doesn&#039;t support embedded videos, &lt;a href=\\&quot;{{src}}\\&quot;&gt; download &lt;\\\/a&gt; and watch with your favorite video player! &lt;\\\/video&gt;&quot;}},&quot;inView&quot;:false,&quot;email_subject&quot;:&quot;Check out this awesome image !!&quot;,&quot;email_message&quot;:&quot;Here is the link to the image : %%image_link%% and this is the link to the gallery : %%gallery_link%%&quot;,&quot;lightbox&quot;:&quot;fancybox&quot;}\">\n\n\t\n\t<div  class=\"modula-items\">\n\t\t<div class=\"modula-item effect-pufrobo\" >\n\t<div class=\"modula-item-overlay\"><\/div>\n\n\t<div class=\"modula-item-content\">\n\n\t\t\t\t\n\t\t\t\t\t<a data-image-id=\"486\" role=\"button\" tabindex=\"0\" rel=\"jtg-572\" data-caption=\"\" aria-label=\"Open image in lightbox\" class=\"tile-inner modula-item-link\"><\/a>\n\t\t\n\t\t<img loading=\"lazy\" decoding=\"async\" class=\"pic wp-image-486\"  data-valign=\"middle\" data-halign=\"center\" alt=\"\" data-full=\"https:\/\/bunt-statt-braun-wmk.de\/wp-content\/uploads\/2020\/03\/F2A0029.jpg\" title=\"\" width=\"300\" height=\"200\" src=\"https:\/\/bunt-statt-braun-wmk.de\/wp-content\/uploads\/2020\/03\/F2A0029-300x200.jpg\" data-src=\"https:\/\/bunt-statt-braun-wmk.de\/wp-content\/uploads\/2020\/03\/F2A0029-300x200.jpg\" data-caption=\"\" srcset=\"https:\/\/bunt-statt-braun-wmk.de\/wp-content\/uploads\/2020\/03\/F2A0029.jpg 1824w, https:\/\/bunt-statt-braun-wmk.de\/wp-content\/uploads\/2020\/03\/F2A0029-300x200.jpg 300w, https:\/\/bunt-statt-braun-wmk.de\/wp-content\/uploads\/2020\/03\/F2A0029-768x512.jpg 768w, https:\/\/bunt-statt-braun-wmk.de\/wp-content\/uploads\/2020\/03\/F2A0029-1024x683.jpg 1024w, https:\/\/bunt-statt-braun-wmk.de\/wp-content\/uploads\/2020\/03\/F2A0029-450x300.jpg 450w\" sizes=\"auto, (max-width: 300px) 100vw, 300px\" \/>\n\t\t<div class=\"figc no-title no-description\">\n\t\t\t<div class=\"figc-inner\">\n\t\t\t\t\t\t\t\t\t\t\t\t\t\t\t<\/div>\n\t\t<\/div>\n\n\t<\/div>\n\n<\/div><div class=\"modula-item effect-pufrobo\" >\n\t<div class=\"modula-item-overlay\"><\/div>\n\n\t<div class=\"modula-item-content\">\n\n\t\t\t\t\n\t\t\t\t\t<a data-image-id=\"487\" role=\"button\" tabindex=\"0\" rel=\"jtg-572\" data-caption=\"\" aria-label=\"Open image in lightbox\" class=\"tile-inner modula-item-link\"><\/a>\n\t\t\n\t\t<img loading=\"lazy\" decoding=\"async\" class=\"pic wp-image-487\"  data-valign=\"middle\" data-halign=\"center\" alt=\"\" data-full=\"https:\/\/bunt-statt-braun-wmk.de\/wp-content\/uploads\/2020\/03\/F2A0043.jpg\" title=\"\" width=\"300\" height=\"200\" src=\"https:\/\/bunt-statt-braun-wmk.de\/wp-content\/uploads\/2020\/03\/F2A0043-300x200.jpg\" data-src=\"https:\/\/bunt-statt-braun-wmk.de\/wp-content\/uploads\/2020\/03\/F2A0043-300x200.jpg\" data-caption=\"\" srcset=\"https:\/\/bunt-statt-braun-wmk.de\/wp-content\/uploads\/2020\/03\/F2A0043.jpg 1824w, https:\/\/bunt-statt-braun-wmk.de\/wp-content\/uploads\/2020\/03\/F2A0043-300x200.jpg 300w, https:\/\/bunt-statt-braun-wmk.de\/wp-content\/uploads\/2020\/03\/F2A0043-768x512.jpg 768w, https:\/\/bunt-statt-braun-wmk.de\/wp-content\/uploads\/2020\/03\/F2A0043-1024x683.jpg 1024w, https:\/\/bunt-statt-braun-wmk.de\/wp-content\/uploads\/2020\/03\/F2A0043-450x300.jpg 450w\" sizes=\"auto, (max-width: 300px) 100vw, 300px\" \/>\n\t\t<div class=\"figc no-title no-description\">\n\t\t\t<div class=\"figc-inner\">\n\t\t\t\t\t\t\t\t\t\t\t\t\t\t\t<\/div>\n\t\t<\/div>\n\n\t<\/div>\n\n<\/div><div class=\"modula-item effect-pufrobo\" >\n\t<div class=\"modula-item-overlay\"><\/div>\n\n\t<div class=\"modula-item-content\">\n\n\t\t\t\t\n\t\t\t\t\t<a data-image-id=\"488\" role=\"button\" tabindex=\"0\" rel=\"jtg-572\" data-caption=\"\" aria-label=\"Open image in lightbox\" class=\"tile-inner modula-item-link\"><\/a>\n\t\t\n\t\t<img loading=\"lazy\" decoding=\"async\" class=\"pic wp-image-488\"  data-valign=\"middle\" data-halign=\"center\" alt=\"\" data-full=\"https:\/\/bunt-statt-braun-wmk.de\/wp-content\/uploads\/2020\/03\/F2A0046-1.jpg\" title=\"\" width=\"300\" height=\"200\" src=\"https:\/\/bunt-statt-braun-wmk.de\/wp-content\/uploads\/2020\/03\/F2A0046-1-300x200.jpg\" data-src=\"https:\/\/bunt-statt-braun-wmk.de\/wp-content\/uploads\/2020\/03\/F2A0046-1-300x200.jpg\" data-caption=\"\" srcset=\"https:\/\/bunt-statt-braun-wmk.de\/wp-content\/uploads\/2020\/03\/F2A0046-1.jpg 1824w, https:\/\/bunt-statt-braun-wmk.de\/wp-content\/uploads\/2020\/03\/F2A0046-1-300x200.jpg 300w, https:\/\/bunt-statt-braun-wmk.de\/wp-content\/uploads\/2020\/03\/F2A0046-1-768x512.jpg 768w, https:\/\/bunt-statt-braun-wmk.de\/wp-content\/uploads\/2020\/03\/F2A0046-1-1024x683.jpg 1024w, https:\/\/bunt-statt-braun-wmk.de\/wp-content\/uploads\/2020\/03\/F2A0046-1-450x300.jpg 450w\" sizes=\"auto, (max-width: 300px) 100vw, 300px\" \/>\n\t\t<div class=\"figc no-title no-description\">\n\t\t\t<div class=\"figc-inner\">\n\t\t\t\t\t\t\t\t\t\t\t\t\t\t\t<\/div>\n\t\t<\/div>\n\n\t<\/div>\n\n<\/div><div class=\"modula-item effect-pufrobo\" >\n\t<div class=\"modula-item-overlay\"><\/div>\n\n\t<div class=\"modula-item-content\">\n\n\t\t\t\t\n\t\t\t\t\t<a data-image-id=\"489\" role=\"button\" tabindex=\"0\" rel=\"jtg-572\" data-caption=\"\" aria-label=\"Open image in lightbox\" class=\"tile-inner modula-item-link\"><\/a>\n\t\t\n\t\t<img loading=\"lazy\" decoding=\"async\" class=\"pic wp-image-489\"  data-valign=\"middle\" data-halign=\"center\" alt=\"\" data-full=\"https:\/\/bunt-statt-braun-wmk.de\/wp-content\/uploads\/2020\/03\/F2A0160.jpg\" title=\"\" width=\"300\" height=\"200\" src=\"https:\/\/bunt-statt-braun-wmk.de\/wp-content\/uploads\/2020\/03\/F2A0160-300x200.jpg\" data-src=\"https:\/\/bunt-statt-braun-wmk.de\/wp-content\/uploads\/2020\/03\/F2A0160-300x200.jpg\" data-caption=\"\" srcset=\"https:\/\/bunt-statt-braun-wmk.de\/wp-content\/uploads\/2020\/03\/F2A0160.jpg 1824w, https:\/\/bunt-statt-braun-wmk.de\/wp-content\/uploads\/2020\/03\/F2A0160-300x200.jpg 300w, https:\/\/bunt-statt-braun-wmk.de\/wp-content\/uploads\/2020\/03\/F2A0160-768x512.jpg 768w, https:\/\/bunt-statt-braun-wmk.de\/wp-content\/uploads\/2020\/03\/F2A0160-1024x683.jpg 1024w, https:\/\/bunt-statt-braun-wmk.de\/wp-content\/uploads\/2020\/03\/F2A0160-450x300.jpg 450w\" sizes=\"auto, (max-width: 300px) 100vw, 300px\" \/>\n\t\t<div class=\"figc no-title no-description\">\n\t\t\t<div class=\"figc-inner\">\n\t\t\t\t\t\t\t\t\t\t\t\t\t\t\t<\/div>\n\t\t<\/div>\n\n\t<\/div>\n\n<\/div><div class=\"modula-item effect-pufrobo\" >\n\t<div class=\"modula-item-overlay\"><\/div>\n\n\t<div class=\"modula-item-content\">\n\n\t\t\t\t\n\t\t\t\t\t<a data-image-id=\"490\" role=\"button\" tabindex=\"0\" rel=\"jtg-572\" data-caption=\"\" aria-label=\"Open image in lightbox\" class=\"tile-inner modula-item-link\"><\/a>\n\t\t\n\t\t<img loading=\"lazy\" decoding=\"async\" class=\"pic wp-image-490\"  data-valign=\"middle\" data-halign=\"center\" alt=\"\" data-full=\"https:\/\/bunt-statt-braun-wmk.de\/wp-content\/uploads\/2020\/03\/F2A0165.jpg\" title=\"\" width=\"300\" height=\"200\" src=\"https:\/\/bunt-statt-braun-wmk.de\/wp-content\/uploads\/2020\/03\/F2A0165-300x200.jpg\" data-src=\"https:\/\/bunt-statt-braun-wmk.de\/wp-content\/uploads\/2020\/03\/F2A0165-300x200.jpg\" data-caption=\"\" srcset=\"https:\/\/bunt-statt-braun-wmk.de\/wp-content\/uploads\/2020\/03\/F2A0165.jpg 1824w, https:\/\/bunt-statt-braun-wmk.de\/wp-content\/uploads\/2020\/03\/F2A0165-300x200.jpg 300w, https:\/\/bunt-statt-braun-wmk.de\/wp-content\/uploads\/2020\/03\/F2A0165-768x512.jpg 768w, https:\/\/bunt-statt-braun-wmk.de\/wp-content\/uploads\/2020\/03\/F2A0165-1024x683.jpg 1024w, https:\/\/bunt-statt-braun-wmk.de\/wp-content\/uploads\/2020\/03\/F2A0165-450x300.jpg 450w\" sizes=\"auto, (max-width: 300px) 100vw, 300px\" \/>\n\t\t<div class=\"figc no-title no-description\">\n\t\t\t<div class=\"figc-inner\">\n\t\t\t\t\t\t\t\t\t\t\t\t\t\t\t<\/div>\n\t\t<\/div>\n\n\t<\/div>\n\n<\/div>\t\t\n\t<\/div>\n\n\t\n\t\n\t<script type=\"application\/ld+json\">\n\t{\n\t\t\"@context\": \"http:\/\/schema.org\",\n\t\t\"@type\"   : \"ImageGallery\",\n\t\t\"id\"      : \"https:\/\/bunt-statt-braun-wmk.de\/?p=485\/\",\n\t\t\"url\"     : \"https:\/\/bunt-statt-braun-wmk.de\/?p=485\/\"\n\t}\n\n\t<\/script>\n\n\t\n<\/div>\n\n\n\n<p><br><strong>Rede: <em>&#8222;Sternwanderung f\u00fcr Courage &amp; eine offene Gesellschaft<\/em>&#8220; (06.03.2020)<\/strong><br><strong>von <em>Torben Finn Lerch<\/em><br><\/strong>Liebe Sch\u00fclerinnen und Sch\u00fcler der Eschweger \u201eSchulen ohne Rassismus \u2013 Schulen mit Courage\u201c,<br>Wir leben in einer Zeit, in der rechtspopulistische Parolen wieder salonf\u00e4hig werden.<br>Ein Politiker darf die NS-Zeit einen Vogelschiss nennen und kommt ungestraft davon. Er beh\u00e4lt alle seine \u00c4mter.<br>Der bayerische Ministerpr\u00e4sident schimpft das Schicksal von leidenden Menschen Asyltourismus, der deutsche Innenminister sagt Migration sei die Mutter aller Probleme in diesem Land, und Menschen sterben durch rechten Terror, wie auch vor 2 Wochen in Hanau.<br>Und ich k\u00f6nnte noch jede Menge solcher populistischen \u00c4u\u00dferungen und Taten aufz\u00e4hlen.<br>Was ich damit sagen will ist, dass sowas zwar zu einem kurzen Aufschrei f\u00fchrt, dann aber doch akzeptiert wird.<br>Doch genau das ist das Problem! Denn dadurch geben wir Rassismus und Nationalismus den Raum sich wieder auszubreiten.<br>Doch wenn man die Geschichte betrachtet, erkennt man, dass Nationalismus immer Leid und Ausgrenzung gebracht hat!<br>Rechtspopulisten brauchen immer ein Opfer.<br>Und so wie die Nationalsozialisten gegen Juden hetzten, so will die AFD heute \u201eFrau Merkel jagen\u201c.<br>Ich wei\u00df nicht wie es euch geht, aber solche Aussagen machen mir Angst!<br>Und auch, wenn uns keine Schuld f\u00fcr die Nazizeit trifft, so haben wir doch Verantwortung!<br>Deshalb machen mich Veranstaltungen, wie eben diese hier gl\u00fccklich und stolz.<br>Stolz auf junge Menschen und mutige Menschen, die sich trauen gegen rechten Hass aufzustehen und zu zeigen, dass wir uns nicht ver\u00e4ngstigen, und schon gar nicht unterkriegen lassen!<br>Jeder von euch hat die M\u00f6glichkeit sich gegen Fremdenhass und Diskriminierung zu wehren.<br>Und diese Veranstaltung ist ein guter Schritt in die richtige Richtung!<br>Vielen Dank, dass ihr alle hier seid und euch nicht unterkriegen lasst!<\/p>\n\n\n\n<p><strong>&#8222;<em>Rede f\u00fcr den Sternmarsch&#8220;<\/em> 06.03.2020<\/strong><br><strong>von <em>Jurek Risch<\/em><\/strong><br>Liebe Mitsch\u00fcler, liebe Lehrer<br>eigentlich ist es traurig, dass wir uns heute hier versammeln m\u00fcssen. Es ist traurig, dass die<br>Notwendigkeit besteht, zu zeigen, dass wir f\u00fcr Werte wie Toleranz, Gleichberechtigung,<br>Weltoffenheit und nicht zuletzt damit verbunden, Mitmenschlichkeit einstehen, wo es<br>doch eigentlich eine Selbstverst\u00e4ndlichkeit sein sollte.<br>Doch trotz dieser augenscheinlichen Selbstverst\u00e4ndlichkeit befinden sich im Bundestag<br>gew\u00e4hlte Parteien, deren v\u00f6lkisch-nationaler Fl\u00fcgel ein Pr\u00fcffall f\u00fcr den Verfassungsschutz ist und dessen Mitglieder Rhetorik benutzen wie man sie zuletzt im Dritten Reich unter Hitler geh\u00f6rt hat, ja deren Worte selbst Parteigenossen nicht von Passagen aus \u201eMein Kampf\u201c unterscheiden k\u00f6nnen.<br>Trotzdem werden Politiker wie Walter L\u00fcbcke, die sich gegen Rassismus engagieren,<br>ermordet und rechtsextreme Anschl\u00e4ge, auch auf Synagogen oder vor zwei Wochen in<br>Hanau, kosten mehr und mehr Menschenleben.<br>\u00c4hnliche Entwicklungen sieht man leider auch in anderen L\u00e4ndern, \u00fcberall werden<br>Mauern, aufgrund irgendwelcher Kategorisierungen oder Unterteilungen, aufgebaut,<br>anstatt, dass wir sie einrei\u00dfen und damit beginnen, uns endlich mal als eine Menschheit zu begreifen, die sich wohl oder \u00fcbel diesen Planeten gemeinsam teilen muss.<br>Denn die Probleme der Zukunft sind globale Probleme, Probleme die nicht auf Kultur,<br>Religion, Hautfarbe oder Grenzen achten, bei denen alle kollektiv handeln m\u00fcssen.<br>Die derzeitigen Geschehnisse sah man insbesondere im Bezug auf Populismus,<br>Polarisierung, Isolation und Ausgrenzung, vor hundert Jahren schon einmal in \u00e4hnlicher<br>Form, dabei sollte doch gerade in Deutschland die n\u00f6tige Sensibilisierung vorhanden sein, um solche Muster zu erkennen.<br>Jetzt ist es an uns zu beweisen, dass wir aus den Fehlern der Vergangenheit gelernt haben, alles andere w\u00e4re eine Schande f\u00fcr jeden einzelnen, der damals sein Leben gelassen hat, weil er f\u00fcr Demokratie und Menschenrechte eingestanden ist oder Opfer von Gr\u00f6\u00dfenwahn und menschenverachtender Ideologie wurde.<br>Ich bin mir sehr wohl bewusst, dass das hier eine Veranstaltung von der Schule aus ist und der eine oder die andere vielleicht auch gar keine Lust auf das Ganze hat, trotzdem hoffe ich, dass ich die Bedeutung und Wichtigkeit der Situation klarmachen konnte.<br>Wenn ich dadurch auch nur die kleinste Ver\u00e4nderung, den kleinsten Denkansto\u00df bewirken konnte, dann war es das wert.<br>Denn es liegt in unserer Hand, Courage und Engagement zu zeigen!<br>Es liegt in unserer Hand, unsere Werte zu vertreten und sie zu sch\u00fctzen!<br>Und es liegt in unserer Hand, die Zukunft letzten Endes zu gestalten!<br>Vielen Dank.<\/p>\n","protected":false},"excerpt":{"rendered":"<p>Rede: &#8222;Sternwanderung f\u00fcr Courage &amp; eine offene Gesellschaft&#8220; (06.03.2020)von Torben Finn LerchLiebe Sch\u00fclerinnen und Sch\u00fcler der Eschweger \u201eSchulen ohne Rassismus \u2013 Schulen mit Courage\u201c,Wir leben in einer Zeit, in der rechtspopulistische Parolen wieder salonf\u00e4hig werden.Ein Politiker darf die NS-Zeit einen &hellip; <a href=\"https:\/\/bunt-statt-braun-wmk.de\/?p=485\">Weiterlesen <span class=\"meta-nav\">&rarr;<\/span><\/a><\/p>\n","protected":false},"author":2,"featured_media":0,"comment_status":"open","ping_status":"open","sticky":false,"template":"","format":"standard","meta":{"footnotes":""},"categories":[7,11,12],"tags":[38,41,40,39],"class_list":["post-485","post","type-post","status-publish","format-standard","hentry","category-demo","category-kund","category-pupil","tag-schule-gegen-rassismus","tag-eschwege","tag-kundgebung","tag-sternwanderung"],"_links":{"self":[{"href":"https:\/\/bunt-statt-braun-wmk.de\/index.php?rest_route=\/wp\/v2\/posts\/485","targetHints":{"allow":["GET"]}}],"collection":[{"href":"https:\/\/bunt-statt-braun-wmk.de\/index.php?rest_route=\/wp\/v2\/posts"}],"about":[{"href":"https:\/\/bunt-statt-braun-wmk.de\/index.php?rest_route=\/wp\/v2\/types\/post"}],"author":[{"embeddable":true,"href":"https:\/\/bunt-statt-braun-wmk.de\/index.php?rest_route=\/wp\/v2\/users\/2"}],"replies":[{"embeddable":true,"href":"https:\/\/bunt-statt-braun-wmk.de\/index.php?rest_route=%2Fwp%2Fv2%2Fcomments&post=485"}],"version-history":[{"count":5,"href":"https:\/\/bunt-statt-braun-wmk.de\/index.php?rest_route=\/wp\/v2\/posts\/485\/revisions"}],"predecessor-version":[{"id":584,"href":"https:\/\/bunt-statt-braun-wmk.de\/index.php?rest_route=\/wp\/v2\/posts\/485\/revisions\/584"}],"wp:attachment":[{"href":"https:\/\/bunt-statt-braun-wmk.de\/index.php?rest_route=%2Fwp%2Fv2%2Fmedia&parent=485"}],"wp:term":[{"taxonomy":"category","embeddable":true,"href":"https:\/\/bunt-statt-braun-wmk.de\/index.php?rest_route=%2Fwp%2Fv2%2Fcategories&post=485"},{"taxonomy":"post_tag","embeddable":true,"href":"https:\/\/bunt-statt-braun-wmk.de\/index.php?rest_route=%2Fwp%2Fv2%2Ftags&post=485"}],"curies":[{"name":"wp","href":"https:\/\/api.w.org\/{rel}","templated":true}]}}