{"id":656,"date":"2022-08-18T16:17:41","date_gmt":"2022-08-18T15:17:41","guid":{"rendered":"https:\/\/bunt-statt-braun-wmk.de\/?p=656"},"modified":"2022-08-18T16:18:24","modified_gmt":"2022-08-18T15:18:24","slug":"eschwege-bleibt-bunt-gemeinsam-gegen-rassismus","status":"publish","type":"post","link":"https:\/\/bunt-statt-braun-wmk.de\/?p=656","title":{"rendered":"Eschwege bleibt bunt! Gemeinsam gegen Rassismus auch beim Open Flair"},"content":{"rendered":"\n<p><\/p>\n\n\n\n<p>\u2026unter diesem Motto hatten Sch\u00fclerinnen und Sch\u00fcler der drei Eschweger Courage-Schulen:&nbsp; Anne-Frank-, Br\u00fcder-Grimm-, und Friedrich-Wilhelm- am Ende des letzten Schuljahres gro\u00dfformatige Graffities gestaltet, die jetzt w\u00e4hrend des Open-Flair-Festivals im Schlosspark ausgestellt wurden.<\/p>\n\n\n\n<p>Andreas Heine von Bunt-statt-braun konnte am Samstag Frau Landr\u00e4tin Nicole Rathgeber, den Kreistagsvorsitzenden Friedel Lenze, und viele weitere G\u00e4ste begr\u00fc\u00dfen, die sich die Kunstwerke von beteiligten Sch\u00fclerinnen, Sch\u00fclern und Lehrern zeigen und erl\u00e4utern lie\u00dfen.<\/p>\n\n\n\n<p>Finanziert durch die \u201ePartnerschaft f\u00fcr Demokratie\u201c und die beteiligten Schulen, k\u00fcnstlerisch angeleitet durch Patrick Sch\u00fctze aus Kassel, sowie logistisch unterst\u00fctzt durch den Bauhof der Stadt Eschwege und die Transport-Crew des Open Flair wurde das Projekt zu einer gro\u00dfen Gemeinschaftsaktion.<\/p>\n\n\n\n<p>Die 6 Graffities stie\u00dfen auch bei vielen Open-Flair Besuchern auf gro\u00dfes Interesse und es ergaben sich viele interessante Gespr\u00e4che. Sch\u00f6n, dass zurzeit nicht nur in Kassel \u00fcber Kunst diskutiert wird, sondern auch im bunten Eschwege!<\/p>\n\n\n\n<p><\/p>\n\n\n\n<p><\/p>\n\n\n\n<figure class=\"wp-block-image size-large is-resized\"><a href=\"https:\/\/bunt-statt-braun-wmk.de\/wp-content\/uploads\/2022\/08\/OF-Gaense-Rathgeber-Lenze-scaled.jpg\"><img loading=\"lazy\" decoding=\"async\" src=\"https:\/\/bunt-statt-braun-wmk.de\/wp-content\/uploads\/2022\/08\/OF-Gaense-Rathgeber-Lenze-1024x768.jpg\" alt=\"\" class=\"wp-image-657\" width=\"717\" height=\"538\" srcset=\"https:\/\/bunt-statt-braun-wmk.de\/wp-content\/uploads\/2022\/08\/OF-Gaense-Rathgeber-Lenze-1024x768.jpg 1024w, https:\/\/bunt-statt-braun-wmk.de\/wp-content\/uploads\/2022\/08\/OF-Gaense-Rathgeber-Lenze-300x225.jpg 300w, https:\/\/bunt-statt-braun-wmk.de\/wp-content\/uploads\/2022\/08\/OF-Gaense-Rathgeber-Lenze-768x576.jpg 768w, https:\/\/bunt-statt-braun-wmk.de\/wp-content\/uploads\/2022\/08\/OF-Gaense-Rathgeber-Lenze-1536x1152.jpg 1536w, https:\/\/bunt-statt-braun-wmk.de\/wp-content\/uploads\/2022\/08\/OF-Gaense-Rathgeber-Lenze-2048x1536.jpg 2048w, https:\/\/bunt-statt-braun-wmk.de\/wp-content\/uploads\/2022\/08\/OF-Gaense-Rathgeber-Lenze-400x300.jpg 400w\" sizes=\"auto, (max-width: 717px) 100vw, 717px\" \/><\/a><\/figure>\n\n\n\n<figure class=\"wp-block-image size-full is-resized\"><a href=\"https:\/\/bunt-statt-braun-wmk.de\/wp-content\/uploads\/2022\/08\/OF-Gaense-Graffities.jpg\"><img loading=\"lazy\" decoding=\"async\" src=\"https:\/\/bunt-statt-braun-wmk.de\/wp-content\/uploads\/2022\/08\/OF-Gaense-Graffities.jpg\" alt=\"\" class=\"wp-image-658\" width=\"717\" height=\"513\" srcset=\"https:\/\/bunt-statt-braun-wmk.de\/wp-content\/uploads\/2022\/08\/OF-Gaense-Graffities.jpg 537w, https:\/\/bunt-statt-braun-wmk.de\/wp-content\/uploads\/2022\/08\/OF-Gaense-Graffities-300x214.jpg 300w, https:\/\/bunt-statt-braun-wmk.de\/wp-content\/uploads\/2022\/08\/OF-Gaense-Graffities-421x300.jpg 421w\" sizes=\"auto, (max-width: 717px) 100vw, 717px\" \/><\/a><\/figure>\n","protected":false},"excerpt":{"rendered":"<p>\u2026unter diesem Motto hatten Sch\u00fclerinnen und Sch\u00fcler der drei Eschweger Courage-Schulen:&nbsp; Anne-Frank-, Br\u00fcder-Grimm-, und Friedrich-Wilhelm- am Ende des letzten Schuljahres gro\u00dfformatige Graffities gestaltet, die jetzt w\u00e4hrend des Open-Flair-Festivals im Schlosspark ausgestellt wurden. Andreas Heine von Bunt-statt-braun konnte am Samstag Frau &hellip; <a href=\"https:\/\/bunt-statt-braun-wmk.de\/?p=656\">Weiterlesen <span class=\"meta-nav\">&rarr;<\/span><\/a><\/p>\n","protected":false},"author":2,"featured_media":0,"comment_status":"open","ping_status":"open","sticky":false,"template":"","format":"standard","meta":{"footnotes":""},"categories":[1],"tags":[],"class_list":["post-656","post","type-post","status-publish","format-standard","hentry","category-uncategorized"],"_links":{"self":[{"href":"https:\/\/bunt-statt-braun-wmk.de\/index.php?rest_route=\/wp\/v2\/posts\/656","targetHints":{"allow":["GET"]}}],"collection":[{"href":"https:\/\/bunt-statt-braun-wmk.de\/index.php?rest_route=\/wp\/v2\/posts"}],"about":[{"href":"https:\/\/bunt-statt-braun-wmk.de\/index.php?rest_route=\/wp\/v2\/types\/post"}],"author":[{"embeddable":true,"href":"https:\/\/bunt-statt-braun-wmk.de\/index.php?rest_route=\/wp\/v2\/users\/2"}],"replies":[{"embeddable":true,"href":"https:\/\/bunt-statt-braun-wmk.de\/index.php?rest_route=%2Fwp%2Fv2%2Fcomments&post=656"}],"version-history":[{"count":2,"href":"https:\/\/bunt-statt-braun-wmk.de\/index.php?rest_route=\/wp\/v2\/posts\/656\/revisions"}],"predecessor-version":[{"id":660,"href":"https:\/\/bunt-statt-braun-wmk.de\/index.php?rest_route=\/wp\/v2\/posts\/656\/revisions\/660"}],"wp:attachment":[{"href":"https:\/\/bunt-statt-braun-wmk.de\/index.php?rest_route=%2Fwp%2Fv2%2Fmedia&parent=656"}],"wp:term":[{"taxonomy":"category","embeddable":true,"href":"https:\/\/bunt-statt-braun-wmk.de\/index.php?rest_route=%2Fwp%2Fv2%2Fcategories&post=656"},{"taxonomy":"post_tag","embeddable":true,"href":"https:\/\/bunt-statt-braun-wmk.de\/index.php?rest_route=%2Fwp%2Fv2%2Ftags&post=656"}],"curies":[{"name":"wp","href":"https:\/\/api.w.org\/{rel}","templated":true}]}}