{"id":806,"date":"2024-08-04T12:38:11","date_gmt":"2024-08-04T11:38:11","guid":{"rendered":"https:\/\/bunt-statt-braun-wmk.de\/?p=806"},"modified":"2024-10-08T14:22:05","modified_gmt":"2024-10-08T13:22:05","slug":"806","status":"publish","type":"post","link":"https:\/\/bunt-statt-braun-wmk.de\/?p=806","title":{"rendered":""},"content":{"rendered":"\n<figure class=\"wp-block-image size-large\"><a href=\"https:\/\/bunt-statt-braun-wmk.de\/wp-content\/uploads\/2024\/08\/Wenn-ich-gross-bin.png\"><img loading=\"lazy\" decoding=\"async\" width=\"724\" height=\"1024\" src=\"https:\/\/bunt-statt-braun-wmk.de\/wp-content\/uploads\/2024\/08\/Wenn-ich-gross-bin-724x1024.png\" alt=\"\" class=\"wp-image-807\" srcset=\"https:\/\/bunt-statt-braun-wmk.de\/wp-content\/uploads\/2024\/08\/Wenn-ich-gross-bin-724x1024.png 724w, https:\/\/bunt-statt-braun-wmk.de\/wp-content\/uploads\/2024\/08\/Wenn-ich-gross-bin-212x300.png 212w, https:\/\/bunt-statt-braun-wmk.de\/wp-content\/uploads\/2024\/08\/Wenn-ich-gross-bin-768x1086.png 768w, https:\/\/bunt-statt-braun-wmk.de\/wp-content\/uploads\/2024\/08\/Wenn-ich-gross-bin.png 794w\" sizes=\"auto, (max-width: 724px) 100vw, 724px\" \/><\/a><\/figure>\n\n\n\n<blockquote class=\"wp-block-quote is-layout-flow wp-block-quote-is-layout-flow\">\n<p><\/p>\n\n\n\n<p><\/p>\n\n\n\n<p>Die von &#8222;Bunt statt braun WMK&#8220; organisierte Veranstaltung &#8222;Beispiel einer gelungenen Integration: Wenn ich gro\u00df bin, halte ich mir auch einen Fl\u00fcchtling&#8220; hat am Freitagabend viele Interessierte ins Mehrgenerationenhaus der Familienbildungsst\u00e4tte in Eschwege gelockt.<\/p>\n\n\n\n<p>Die Autorin, Monika Liegl, las aus ihrem gleichnamigen Buch \u00fcber ihre Erfahrungen mit dem afghanischen Fl\u00fcchtling Faiaz, den sie \u00fcber vier Jahre in ihre Familie aufgenommen hatte.<\/p>\n\n\n\n<p>Faiaz selbst erg\u00e4nzte in humorvoller Weise und in gutem Deutsch viele Begebenheiten aus seiner Sicht. In der sich anschlie\u00dfenden Diskussion, in der auch viele pers\u00f6nlichen Fragen an den Protagonisten gestellt wurden, best\u00e4tigte sich wieder einmal, dass von beiden Seiten gelebte Willkommenskultur durchaus zur erfolgreichen Integration f\u00fchrt.<\/p>\n<\/blockquote>\n\n\n\n<figure class=\"wp-block-image size-large\"><a href=\"https:\/\/bunt-statt-braun-wmk.de\/wp-content\/uploads\/2024\/10\/IKW24-1.png\"><img loading=\"lazy\" decoding=\"async\" width=\"1024\" height=\"768\" src=\"https:\/\/bunt-statt-braun-wmk.de\/wp-content\/uploads\/2024\/10\/IKW24-1-1024x768.png\" alt=\"\" class=\"wp-image-817\" srcset=\"https:\/\/bunt-statt-braun-wmk.de\/wp-content\/uploads\/2024\/10\/IKW24-1-1024x768.png 1024w, https:\/\/bunt-statt-braun-wmk.de\/wp-content\/uploads\/2024\/10\/IKW24-1-300x225.png 300w, https:\/\/bunt-statt-braun-wmk.de\/wp-content\/uploads\/2024\/10\/IKW24-1-768x576.png 768w, https:\/\/bunt-statt-braun-wmk.de\/wp-content\/uploads\/2024\/10\/IKW24-1-400x300.png 400w, https:\/\/bunt-statt-braun-wmk.de\/wp-content\/uploads\/2024\/10\/IKW24-1.png 1280w\" sizes=\"auto, (max-width: 1024px) 100vw, 1024px\" \/><\/a><\/figure>\n\n\n\n<figure class=\"wp-block-image size-full\"><a href=\"https:\/\/bunt-statt-braun-wmk.de\/wp-content\/uploads\/2024\/10\/IKW24-2.png\"><img loading=\"lazy\" decoding=\"async\" width=\"640\" height=\"480\" src=\"https:\/\/bunt-statt-braun-wmk.de\/wp-content\/uploads\/2024\/10\/IKW24-2.png\" alt=\"\" class=\"wp-image-818\" srcset=\"https:\/\/bunt-statt-braun-wmk.de\/wp-content\/uploads\/2024\/10\/IKW24-2.png 640w, https:\/\/bunt-statt-braun-wmk.de\/wp-content\/uploads\/2024\/10\/IKW24-2-300x225.png 300w, https:\/\/bunt-statt-braun-wmk.de\/wp-content\/uploads\/2024\/10\/IKW24-2-400x300.png 400w\" sizes=\"auto, (max-width: 640px) 100vw, 640px\" \/><\/a><\/figure>\n\n\n\n<figure class=\"wp-block-image size-full\"><a href=\"https:\/\/bunt-statt-braun-wmk.de\/wp-content\/uploads\/2024\/10\/IKW24-4.jpg\"><img loading=\"lazy\" decoding=\"async\" width=\"912\" height=\"684\" src=\"https:\/\/bunt-statt-braun-wmk.de\/wp-content\/uploads\/2024\/10\/IKW24-4.jpg\" alt=\"\" class=\"wp-image-819\" srcset=\"https:\/\/bunt-statt-braun-wmk.de\/wp-content\/uploads\/2024\/10\/IKW24-4.jpg 912w, https:\/\/bunt-statt-braun-wmk.de\/wp-content\/uploads\/2024\/10\/IKW24-4-300x225.jpg 300w, https:\/\/bunt-statt-braun-wmk.de\/wp-content\/uploads\/2024\/10\/IKW24-4-768x576.jpg 768w, https:\/\/bunt-statt-braun-wmk.de\/wp-content\/uploads\/2024\/10\/IKW24-4-400x300.jpg 400w\" sizes=\"auto, (max-width: 912px) 100vw, 912px\" \/><\/a><\/figure>\n","protected":false},"excerpt":{"rendered":"<p>Die von &#8222;Bunt statt braun WMK&#8220; organisierte Veranstaltung &#8222;Beispiel einer gelungenen Integration: Wenn ich gro\u00df bin, halte ich mir auch einen Fl\u00fcchtling&#8220; hat am Freitagabend viele Interessierte ins Mehrgenerationenhaus der Familienbildungsst\u00e4tte in Eschwege gelockt. Die Autorin, Monika Liegl, las aus &hellip; <a href=\"https:\/\/bunt-statt-braun-wmk.de\/?p=806\">Weiterlesen <span class=\"meta-nav\">&rarr;<\/span><\/a><\/p>\n","protected":false},"author":2,"featured_media":0,"comment_status":"open","ping_status":"open","sticky":false,"template":"","format":"standard","meta":{"footnotes":""},"categories":[1],"tags":[],"class_list":["post-806","post","type-post","status-publish","format-standard","hentry","category-uncategorized"],"_links":{"self":[{"href":"https:\/\/bunt-statt-braun-wmk.de\/index.php?rest_route=\/wp\/v2\/posts\/806","targetHints":{"allow":["GET"]}}],"collection":[{"href":"https:\/\/bunt-statt-braun-wmk.de\/index.php?rest_route=\/wp\/v2\/posts"}],"about":[{"href":"https:\/\/bunt-statt-braun-wmk.de\/index.php?rest_route=\/wp\/v2\/types\/post"}],"author":[{"embeddable":true,"href":"https:\/\/bunt-statt-braun-wmk.de\/index.php?rest_route=\/wp\/v2\/users\/2"}],"replies":[{"embeddable":true,"href":"https:\/\/bunt-statt-braun-wmk.de\/index.php?rest_route=%2Fwp%2Fv2%2Fcomments&post=806"}],"version-history":[{"count":2,"href":"https:\/\/bunt-statt-braun-wmk.de\/index.php?rest_route=\/wp\/v2\/posts\/806\/revisions"}],"predecessor-version":[{"id":820,"href":"https:\/\/bunt-statt-braun-wmk.de\/index.php?rest_route=\/wp\/v2\/posts\/806\/revisions\/820"}],"wp:attachment":[{"href":"https:\/\/bunt-statt-braun-wmk.de\/index.php?rest_route=%2Fwp%2Fv2%2Fmedia&parent=806"}],"wp:term":[{"taxonomy":"category","embeddable":true,"href":"https:\/\/bunt-statt-braun-wmk.de\/index.php?rest_route=%2Fwp%2Fv2%2Fcategories&post=806"},{"taxonomy":"post_tag","embeddable":true,"href":"https:\/\/bunt-statt-braun-wmk.de\/index.php?rest_route=%2Fwp%2Fv2%2Ftags&post=806"}],"curies":[{"name":"wp","href":"https:\/\/api.w.org\/{rel}","templated":true}]}}