{"id":843,"date":"2026-01-22T20:45:44","date_gmt":"2026-01-22T19:45:44","guid":{"rendered":"https:\/\/bunt-statt-braun-wmk.de\/?p=843"},"modified":"2026-01-22T20:46:41","modified_gmt":"2026-01-22T19:46:41","slug":"newsletter-januar-2026","status":"publish","type":"post","link":"https:\/\/bunt-statt-braun-wmk.de\/?p=843","title":{"rendered":"Newsletter Januar 2026"},"content":{"rendered":"\n<p>Liebe Bunte,<\/p>\n\n\n\n<p>der Wahlkampf naht, die St\u00e4nde der Parteien stehen inzwischen wieder in den Innenst\u00e4dten. Nach unserem Neujahrsgru\u00df melden wir uns mit ersten Terminen und Neuigkeiten aus dem B\u00fcndnis.<\/p>\n\n\n\n<p>Zun\u00e4chst m\u00f6chten wir besonders auf folgende Veranstaltung hinweisen, die wir in Kooperation mit der Volkshochschule, dem Geschichtsverein und der Historischen Gesellschaft durchf\u00fchren:<\/p>\n\n\n\n<p><strong>Szenische Lesung \u201eWir Kinder des 20. Juli\u201c \u2013 Tim Pr\u00f6se<\/strong><br>10.02.2026, 19:00 Uhr \u00b7 Volkshochschule Eschwege, Aula \u00b7 Geb\u00fchr 5 \u20ac<\/p>\n\n\n\n<p>Die T\u00f6chter und S\u00f6hne des Widerstands gegen Hitler erz\u00e4hlen ihre Geschichte.<\/p>\n\n\n\n<p>K\u00fcnftig werden wir euch au\u00dferdem von unserer neuen E-Mail-Adresse <strong><a href=\"mailto:info@bsb-wmk.org\" target=\"_blank\" rel=\"noreferrer noopener\">info@bsb-wmk.org<\/a><\/strong> kontaktieren. Speichert diese gerne schon jetzt in eurem Adressbuch, damit unsere Nachrichten nicht im Spamfilter landen.<\/p>\n\n\n\n<hr class=\"wp-block-separator has-alpha-channel-opacity\"\/>\n\n\n\n<p><strong>Weitere Veranstaltungen (auch f\u00fcr Kurzentschlossene):<\/strong><\/p>\n\n\n\n<p><strong>Theaterst\u00fcck \u201eBei den Linken\u201c \u2013 Riadh Ben Ammar<\/strong><br>24.01.2026, 19:00 Uhr \u00b7 Zeichensaal Uni Kassel Witzenhausen, Steinstr. 19<br>Politisches Solo \u00fcber linke Bewegungen, gemeinsame K\u00e4mpfe und rechte Bedrohungen<br>Spende: 8\u201315 \u20ac<\/p>\n\n\n\n<p><strong>Holocaust-Gedenktag \u2013 Lesung und Gespr\u00e4ch mit Jerzy Pfeffer<\/strong><br>27.01.2026, 19:00 Uhr \u00b7 Synagoge Abterode (Vorderweg 1)<br>Wie Jerzy Pfeffer den Holocaust \u00fcberlebte<\/p>\n\n\n\n<p><strong>Digitale Projektvorstellung \u201eL\u00e4ndliche Regionen engagiert gegen Rassismus\u201c<\/strong><br>28.01.2026, 14:00\u201315:00 Uhr \u00b7 Online via Zoom<br>Anmeldung unter: <a href=\"mailto:ed@stiftung-gegen-rassismus.de\" target=\"_blank\" rel=\"noreferrer noopener\">ed@stiftung-gegen-rassismus.de<\/a><\/p>\n\n\n\n<p><strong>Vortrag, Podiumsdiskussion und Publikumsgespr\u00e4ch<\/strong><br>\u201eDie wehrhafte und resiliente Demokratie als Antwort auf den autorit\u00e4ren Populismus\u201c<br>18.02.2026, 18:00 Uhr \u00b7 B\u00fcrgerhaus Waldkappel<br>mit Prof. Dr. Tine Stein<\/p>\n\n\n\n<p>Bei Fragen oder f\u00fcr weitere Informationen meldet euch gerne bei uns.<\/p>\n\n\n\n<p>Unser n\u00e4chster Stammtisch findet am <strong>25. Februar um 19:00 Uhr im San Remo<\/strong> statt.<\/p>\n\n\n\n<p>Bunte Gr\u00fc\u00dfe<br><strong>Ulrike &amp; Simon<\/strong><\/p>\n","protected":false},"excerpt":{"rendered":"<p>Liebe Bunte, der Wahlkampf naht, die St\u00e4nde der Parteien stehen inzwischen wieder in den Innenst\u00e4dten. Nach unserem Neujahrsgru\u00df melden wir uns mit ersten Terminen und Neuigkeiten aus dem B\u00fcndnis. Zun\u00e4chst m\u00f6chten wir besonders auf folgende Veranstaltung hinweisen, die wir in &hellip; <a href=\"https:\/\/bunt-statt-braun-wmk.de\/?p=843\">Weiterlesen <span class=\"meta-nav\">&rarr;<\/span><\/a><\/p>\n","protected":false},"author":4,"featured_media":0,"comment_status":"open","ping_status":"open","sticky":false,"template":"","format":"standard","meta":{"footnotes":""},"categories":[47,1],"tags":[],"class_list":["post-843","post","type-post","status-publish","format-standard","hentry","category-newsletter","category-uncategorized"],"_links":{"self":[{"href":"https:\/\/bunt-statt-braun-wmk.de\/index.php?rest_route=\/wp\/v2\/posts\/843","targetHints":{"allow":["GET"]}}],"collection":[{"href":"https:\/\/bunt-statt-braun-wmk.de\/index.php?rest_route=\/wp\/v2\/posts"}],"about":[{"href":"https:\/\/bunt-statt-braun-wmk.de\/index.php?rest_route=\/wp\/v2\/types\/post"}],"author":[{"embeddable":true,"href":"https:\/\/bunt-statt-braun-wmk.de\/index.php?rest_route=\/wp\/v2\/users\/4"}],"replies":[{"embeddable":true,"href":"https:\/\/bunt-statt-braun-wmk.de\/index.php?rest_route=%2Fwp%2Fv2%2Fcomments&post=843"}],"version-history":[{"count":2,"href":"https:\/\/bunt-statt-braun-wmk.de\/index.php?rest_route=\/wp\/v2\/posts\/843\/revisions"}],"predecessor-version":[{"id":845,"href":"https:\/\/bunt-statt-braun-wmk.de\/index.php?rest_route=\/wp\/v2\/posts\/843\/revisions\/845"}],"wp:attachment":[{"href":"https:\/\/bunt-statt-braun-wmk.de\/index.php?rest_route=%2Fwp%2Fv2%2Fmedia&parent=843"}],"wp:term":[{"taxonomy":"category","embeddable":true,"href":"https:\/\/bunt-statt-braun-wmk.de\/index.php?rest_route=%2Fwp%2Fv2%2Fcategories&post=843"},{"taxonomy":"post_tag","embeddable":true,"href":"https:\/\/bunt-statt-braun-wmk.de\/index.php?rest_route=%2Fwp%2Fv2%2Ftags&post=843"}],"curies":[{"name":"wp","href":"https:\/\/api.w.org\/{rel}","templated":true}]}}